{"id":9292,"date":"2024-07-26T10:06:42","date_gmt":"2024-07-26T10:06:42","guid":{"rendered":"https:\/\/www.airefrio.com\/blog\/?p=9292"},"modified":"2024-11-08T11:03:32","modified_gmt":"2024-11-08T11:03:32","slug":"subvencion-de-calderas-en-madrid","status":"publish","type":"post","link":"https:\/\/www.airefrio.com\/blog\/subvencion-de-calderas-en-madrid\/","title":{"rendered":"Todo lo que necesitas saber sobre la subvenci\u00f3n de calderas en Madrid"},"content":{"rendered":"\n<p>Cambiar la caldera comunitaria de tu edificio supone un gran desembolso. Sin embargo, si vives en Madrid, puede que te resulte mucho m\u00e1s econ\u00f3mico. \u00bfEl motivo? El Plan Cambia 360, el &nbsp;nuevo <strong>Plan Renove <\/strong>para la<strong> <\/strong>sustituci\u00f3n de las calderas de calefacci\u00f3n de gas\u00f3leo para <strong>edificios y sector terciario para los residentes en la Comunidad de Madrid<\/strong>.&nbsp;<\/p>\n\n\n\n<h2 class=\"wp-block-heading\"><strong>\u00bfDe qu\u00e9 trata esta ayuda del plan Cambia 360 de Madrid?<\/strong><\/h2>\n\n\n\n<p>Si tiene planteado la sustituci\u00f3n de su caldera comunitaria puede recibir ayudas de hasta el 60% de la inversi\u00f3n. Ahora, si vives en Madrid, gracias al Plan Cambia 360 puedes hacerlo sin apenas desembolso econ\u00f3mico.<\/p>\n\n\n\n<p>Puedes consultar las bases de la ayuda en el <a href=\"https:\/\/sede.madrid.es\/portal\/site\/tramites\/menuitem.b4c91589e7f6a5d829da39e5a8a409a0\/?vgnextoid=317a7f14fddae810VgnVCM2000001f4a900aRCRD&amp;vgnextchannel=741d814231ede410VgnVCM1000000b205a0aRCRD&amp;vgnextfmt=default\">Decreto de 4 de abril de 2024 del Delegado del \u00c1rea de Gobierno de Urbanismo, Medio Ambiente y Movilidad por el que se aprueba la convocatoria de subvenciones para la renovaci\u00f3n de instalaciones t\u00e9rmicas de calefacci\u00f3n y climatizaci\u00f3n, correspondiente a la anualidad 2024.<\/a><\/p>\n\n\n\n<p>Desde el pasado 14 de abril <strong>hasta el 22 de noviembre<\/strong>, los residentes de Madrid pueden solicitar las <a href=\"https:\/\/www.madrid360.es\/medio-ambiente\/plan-de-ayudas-cambia-360\/\">ayudas Cambia 360 <\/a>para <strong>reemplazar las calderas de gas\u00f3leo<\/strong> en sus edificios por generadores de calor eficientes o renovables, tanto en comunidades como en el sector comercial. Para ello, el Ayuntamiento ha destinado 1,8 millones de euros.&nbsp;<\/p>\n\n\n\n<p>El objetivo de esta convocatoria es la renovaci\u00f3n de instalaciones t\u00e9rmicas de calefacci\u00f3n y climatizaci\u00f3n basadas en procesos de combusti\u00f3n f\u00f3sil y su <strong>renovaci\u00f3n por sistemas de climatizaci\u00f3n eficiente de bajas emisiones.&nbsp;<\/strong><\/p>\n\n\n\n<p>As\u00ed, el Ayuntamiento de Madrid favorece a la sustituci\u00f3n, total o parcial de las calderas de gas\u00f3leo con el objetivo de combatir el efecto invernadero en la temporada alta de consumo de este tipo de instalaciones.<\/p>\n\n\n\n<p>La cuant\u00eda de las ayudas var\u00eda en funci\u00f3n de las caracter\u00edsticas del nuevo equipo instalado y ser\u00e1 como m\u00e1ximo:&nbsp;<\/p>\n\n\n\n<ul class=\"wp-block-list\"><li>De <strong>hasta el 60%<\/strong> de la inversi\u00f3n incentivable en el sector residencial.<\/li><li>De <strong>hasta el 40% <\/strong>de la inversi\u00f3n incentivable en el resto de casos.&nbsp;<\/li><\/ul>\n\n\n\n<p>Esta ayuda se enmarca dentro de un plan de seis l\u00edneas de subvenciones simult\u00e1neas, que abarcan \u00e1reas como la adquisici\u00f3n de veh\u00edculos, infraestructuras de recarga el\u00e9ctrica, micromovilidad, veh\u00edculos de mercanc\u00edas o el sector del taxi, as\u00ed como la sustituci\u00f3n de calderas y sistemas de climatizaci\u00f3n.&nbsp;<\/p>\n\n\n\n<p>En total, la inversi\u00f3n supera los 20 millones de euros, y ha permitido cerrar febrero con los mejores registros de calidad del aire de su historia.&nbsp;<\/p>\n\n\n\n<h2 class=\"wp-block-heading\"><strong>\u00bfQu\u00e9 calderas puedes cambiar con esta subvenci\u00f3n?<\/strong><\/h2>\n\n\n\n<p>\u00bfPuedo cambiar cualquier caldera con esta subvenci\u00f3n? La respuesta es no. Se consideran como inversiones subvencionables susceptibles de ayuda la reforma de instalaciones t\u00e9rmicas, aquellas que dispongan de generadores de calor que utilicen gas\u00f3leo y se sustituyan por otras que eviten el transporte de combustibles en el entorno urbano.&nbsp;<\/p>\n\n\n\n<p><strong>Estos son los casos incentivable:<\/strong><\/p>\n\n\n\n<ul class=\"wp-block-list\"><li><strong>Si se cambian todas:&nbsp;<\/strong><\/li><\/ul>\n\n\n\n<p>Y se cambian por nuevas calderas a gas natural o calderas a gas + (bomba de calor o instalaci\u00f3n solar t\u00e9rmica), considerando que la suma de potencias de calderas a gas supera el 80% de la potencia total t\u00e9rmica reformada.&nbsp;<\/p>\n\n\n\n<ul class=\"wp-block-list\"><li><strong>Si se cambian una parte o todas:&nbsp;<\/strong><\/li><\/ul>\n\n\n\n<p>Y se cambian por bombas de calor o calderas a gas + bombas de calor, considerando que la suma de la potencia t\u00e9rmica de las calderas de gas natural m\u00e1s las de gas\u00f3leo que se mantengan sea igual o inferior a la potencia t\u00e9rmica total de la instalaci\u00f3n.&nbsp;<\/p>\n\n\n\n<ul class=\"wp-block-list\"><li><strong>Si se cambia una parte:&nbsp;<\/strong><\/li><\/ul>\n\n\n\n<p>Hay que cambiarlas por nuevas calderas a gas natural o calderas a gas + (bomba de calor o instalaci\u00f3n solar t\u00e9rmica), considerando que la suma de potencias de calderas a gas supera el 80% de la potencia total t\u00e9rmica reformada.&nbsp;<\/p>\n\n\n\n<h2 class=\"wp-block-heading\"><strong>Disfruta de la subvenci\u00f3n de calderas en Madrid y renueva tu equipo por uno m\u00e1s eficiente y econ\u00f3mico<\/strong><\/h2>\n\n\n\n<p>En AIREFRIO contamos con una gran experiencia en el sector de sistemas de climatizaci\u00f3n, ayud\u00e1ndote a encontrar la soluci\u00f3n perfecta para tu hogar y garantizando eficiencia y confort adaptados a las necesidades de tu vivienda. Adem\u00e1s, optimizamos la elecci\u00f3n de tu caldera de gas o bomba de calor con nuestro asistente especializado.&nbsp;<\/p>\n\n\n\n<p>Ponemos a tu disposici\u00f3n un amplio<a href=\"https:\/\/www.airefrio.com\/calefaccion.html\"> cat\u00e1logo de calderas<\/a> entre las que elegir, adem\u00e1s si eres residente en Madrid podr\u00e1s disfrutar del Plan Cambia 360. Ofrecemos <strong>calderas a gas condensaci\u00f3n o aerotermia<\/strong>, as\u00ed como soluciones h\u00edbridas que combinan las tecnolog\u00edas citadas para conseguir una elevada<strong> reducci\u00f3n de emisiones, un gran ahorro energ\u00e9tico y econ\u00f3mico,<\/strong> y soluciones adaptadas a cada instalaci\u00f3n y edificio, y adecuadas para cada nivel de inversi\u00f3n. Todo ello, para que puedas renovar tu caldera y aprovechar las subvenciones de la Comunidad de Madrid.&nbsp;<\/p>\n\n\n\n<p>Igualmente, nosotros te ofrecemos importantes <a href=\"https:\/\/www.airefrio.com\/ofertas-con-instalacion.html\">ofertas en calderas con servicio de instalaci\u00f3n incluida<\/a>, ofreci\u00e9ndote la posibilidad de contratar a buen precio personal certificado que te lleve el equipo hasta casa, y te deje la caldera funcionando. Para nosotros tu satisfacci\u00f3n es lo m\u00e1s importante.&nbsp;<\/p>\n\n\n\n<p>Conf\u00eda en AIREFR\u00cdO la instalaci\u00f3n de calderas eficientes y deja en manos de los mejores profesionales la renovaci\u00f3n de tu equipo. No dudes en <a href=\"https:\/\/www.airefrio.com\/contacto\">contactar con nosotros<\/a> si quieres m\u00e1s informaci\u00f3n sobre la subvenci\u00f3n de calderas en Madrid, y resolveremos todas tus dudas para que puedas disfrutar de una caldera eficiente y de calidad con la menor inversi\u00f3n econ\u00f3mica posible. Elige AIREFRIO para cambiar la caldera de tu casa.&nbsp;<\/p>\n\n\n\n<p>Puede ver aqu\u00ed la <a href=\"https:\/\/sede.madrid.es\/sites\/v\/index.jsp?vgnextoid=ab85de0ec124e810VgnVCM2000001f4a900aRCRD&amp;vgnextchannel=d6e537c190180210VgnVCM100000c90da8c0RCRD\">informaci\u00f3n oficial de la Sede electr\u00f3nica de la comunidad de Madrid<\/a>.<\/p>\n","protected":false},"excerpt":{"rendered":"<p>Cambiar la caldera comunitaria de tu edificio supone un gran desembolso. Sin embargo, si vives en Madrid, puede que te resulte mucho m\u00e1s econ\u00f3mico. \u00bfEl motivo? El Plan Cambia 360, el &nbsp;nuevo Plan Renove para la sustituci\u00f3n de las calderas de calefacci\u00f3n de gas\u00f3leo para edificios y sector terciario para los residentes en la Comunidad&#8230;<\/p>\n","protected":false},"author":6,"featured_media":9031,"comment_status":"open","ping_status":"open","sticky":false,"template":"","format":"standard","meta":{"footnotes":""},"categories":[391,6,5],"tags":[],"class_list":["post-9292","post","type-post","status-publish","format-standard","has-post-thumbnail","hentry","category-calderas-de-gas","category-noticias-aire-acondicionado","category-novedades-aire-acondicionado"],"aioseo_notices":[],"_links":{"self":[{"href":"https:\/\/www.airefrio.com\/blog\/wp-json\/wp\/v2\/posts\/9292","targetHints":{"allow":["GET"]}}],"collection":[{"href":"https:\/\/www.airefrio.com\/blog\/wp-json\/wp\/v2\/posts"}],"about":[{"href":"https:\/\/www.airefrio.com\/blog\/wp-json\/wp\/v2\/types\/post"}],"author":[{"embeddable":true,"href":"https:\/\/www.airefrio.com\/blog\/wp-json\/wp\/v2\/users\/6"}],"replies":[{"embeddable":true,"href":"https:\/\/www.airefrio.com\/blog\/wp-json\/wp\/v2\/comments?post=9292"}],"version-history":[{"count":2,"href":"https:\/\/www.airefrio.com\/blog\/wp-json\/wp\/v2\/posts\/9292\/revisions"}],"predecessor-version":[{"id":9301,"href":"https:\/\/www.airefrio.com\/blog\/wp-json\/wp\/v2\/posts\/9292\/revisions\/9301"}],"wp:featuredmedia":[{"embeddable":true,"href":"https:\/\/www.airefrio.com\/blog\/wp-json\/wp\/v2\/media\/9031"}],"wp:attachment":[{"href":"https:\/\/www.airefrio.com\/blog\/wp-json\/wp\/v2\/media?parent=9292"}],"wp:term":[{"taxonomy":"category","embeddable":true,"href":"https:\/\/www.airefrio.com\/blog\/wp-json\/wp\/v2\/categories?post=9292"},{"taxonomy":"post_tag","embeddable":true,"href":"https:\/\/www.airefrio.com\/blog\/wp-json\/wp\/v2\/tags?post=9292"}],"curies":[{"name":"wp","href":"https:\/\/api.w.org\/{rel}","templated":true}]}}