{"id":8972,"date":"2022-02-11T16:59:36","date_gmt":"2022-02-11T16:59:36","guid":{"rendered":"https:\/\/www.airefrio.com\/blog\/?p=8972"},"modified":"2023-09-14T12:17:13","modified_gmt":"2023-09-14T12:17:13","slug":"calderas-de-gas-saunier-duval","status":"publish","type":"post","link":"https:\/\/www.airefrio.com\/blog\/calderas-de-gas-saunier-duval\/","title":{"rendered":"Calderas de gas Saunier Duval"},"content":{"rendered":"\n<p>En este post nos gustar\u00eda presentaros la gama al completo de las calderas de gas de <a href=\"https:\/\/www.airefrio.com\/calefaccion\/calderas-de-gas.html?manufacturer=2437\" title=\"Saunier Duval\">Saunier Duval<\/a>, marca destacada en soluciones de calefacci\u00f3n y ACS como ya muchos sabr\u00e9is.<\/p>\n\n\n\n<p>Saunier Duval lleva ya m\u00e1s de 100 a\u00f1os dedicados a la fabricaci\u00f3n, comenzaron el 1907 creando luminarias para alumbrado p\u00fablico, pero ya en 1922 fabric\u00f3 sus primeros calentadores de agua a gas, seguro que no tan eficientes como los de ahora, pero demuestran tener un gran recorrido y experiencia en el sector de la calefacci\u00f3n.<\/p>\n\n\n\n<p>Actualmente disponen de una ampl\u00eda gama de soluciones en calderas de gas de condensaci\u00f3n con dos tipos de materiales principales en sus intercambiadores de calor, acero inoxidable y aluminio-silicio. Los equipos con Acero Inoxidable son de mejor gama, ofreciendo mayor duraci\u00f3n en la vida \u00fatil del equipo as\u00ed como mejor rendimiento en el intercambio de calor.<\/p>\n\n\n\n<div class=\"wp-block-image\"><figure class=\"aligncenter size-full\"><a ref=\"magnificPopup\" href=\"https:\/\/www.airefrio.com\/blog\/wp-content\/uploads\/2020\/12\/calderas-saunier-duval.png\"><img fetchpriority=\"high\" decoding=\"async\" width=\"600\" height=\"335\" src=\"https:\/\/www.airefrio.com\/blog\/wp-content\/uploads\/2020\/12\/calderas-saunier-duval.png\" alt=\"\" class=\"wp-image-8973\" srcset=\"https:\/\/www.airefrio.com\/blog\/wp-content\/uploads\/2020\/12\/calderas-saunier-duval.png 600w, https:\/\/www.airefrio.com\/blog\/wp-content\/uploads\/2020\/12\/calderas-saunier-duval-300x168.png 300w\" sizes=\"(max-width: 600px) 100vw, 600px\" \/><\/a><figcaption><a href=\"https:\/\/www.airefrio.com\/calefaccion\/calderas-de-gas.html?manufacturer=2437\" title=\"Gama de calderas de gas Saunier Duval\">Gama de calderas de gas Saunier Duval<\/a><\/figcaption><\/figure><\/div>\n\n\n\n<h4 class=\"has-text-align-center wp-block-heading\">NUEVA GAMA DOM\u00c9STICA CALDERAS DE CONDENSACI\u00d3N<\/h4>\n\n\n\n<p>Saunier Duval ha sido pionero en esta tecnolog\u00eda de condensaci\u00f3n y ha evolucionado este sistema de forma constante durante m\u00e1s de 30 a\u00f1os para conseguir una eficiencia y ahorro l\u00edderes en el mercado.<br>Las calderas de condensaci\u00f3n Saunier Duval son mucho m\u00e1s que una caldera de gas: la condensaci\u00f3n es la tecnolog\u00eda que mayor rendimiento proporciona y, por lo tanto, la que m\u00e1s respeta el medio ambiente y menor consumo de gas genera a las instalaciones de calefacci\u00f3n y agua caliente. <\/p>\n\n\n\n<p>Su capacidad de aprovechar gran parte del calor que se pierde en forma de vapor de agua en el humo de la combusti\u00f3n genera un rendimiento extra que permite consumir entre un 15% y un 30% menos de gas seg\u00fan el tipo y uso de instalaci\u00f3n. Las calderas de condensaci\u00f3n son adecuadas para cualquier tipo de instalaci\u00f3n; ya sea de radiadores o suelo radiante, en todas ellas producen un ahorro considerable de combustible.<\/p>\n\n\n\n<p>Nuevo dise\u00f1o plano, con un interfaz t\u00e1ctil y una pantalla m\u00e1s grande, con texto, asistente, gr\u00e1ficos, s\u00edmbolos. Adem\u00e1s se puede leer el consumo de energ\u00eda.<\/p>\n\n\n\n<h2 class=\"wp-block-heading\">DUOMAX CONDENS<\/h2>\n\n\n\n<p><\/p>\n\n\n\n<p>Es la \u00fanica caldera de gas de condensaci\u00f3n del cat\u00e1logo de Saunier Duval que viene con formato de montaje de pie junto con el modelo THERMOSYSTEM Condens de alta potencia. Duomax incorpora un acumulador din\u00e1mico de ACS de 90 litros, su potencia es de 32,5 Kw en calefacci\u00f3n, y viene por defecto con mando de control v\u00eda radio Exacontrol E7 R. Est\u00e1 pensada para grandes viviendas con m\u00e1s de 3 ba\u00f1os y cocina debido a su capacidad de simultaneidad gracias a sus 34.4 l\/min.<\/p>\n\n\n\n<div class=\"wp-block-image\"><figure class=\"aligncenter size-full is-resized\"><a ref=\"magnificPopup\" href=\"https:\/\/www.airefrio.com\/blog\/wp-content\/uploads\/2022\/02\/duomax-cds-airefrio.jpg\"><img decoding=\"async\" src=\"https:\/\/www.airefrio.com\/blog\/wp-content\/uploads\/2022\/02\/duomax-cds-airefrio.jpg\" alt=\"\" class=\"wp-image-9183\" width=\"449\" height=\"393\" srcset=\"https:\/\/www.airefrio.com\/blog\/wp-content\/uploads\/2022\/02\/duomax-cds-airefrio.jpg 560w, https:\/\/www.airefrio.com\/blog\/wp-content\/uploads\/2022\/02\/duomax-cds-airefrio-300x263.jpg 300w\" sizes=\"(max-width: 449px) 100vw, 449px\" \/><\/a><\/figure><\/div>\n\n\n\n<p>Es una caldera f\u00e1cil de instalar ya que adem\u00e1s permite desmontar la caldera del dep\u00f3sito, integra intercambiador de Acero Inoxidable, cuenta con \u00e1nodo electr\u00f3nico anti-corrisi\u00f3n que garantiza la longevidad del deposito<\/p>\n\n\n\n<p><\/p>\n\n\n\n<h2 class=\"wp-block-heading\">ISOMAX CONDENS MI<\/h2>\n\n\n\n<p>Caldera inteligente de \u00faltima generaci\u00f3n que reduce el consumo hasta un 35% en calefacci\u00f3n respecto a las calderas de no condensaci\u00f3n. La soluci\u00f3n para viviendas con grandes demandas en ACS y sin espacio para colocar dep\u00f3sitos externos. Conectable con soluci\u00f3n MiGo Link opcional: m\u00f3dulo de conexi\u00f3n r\u00e1pida, sin cables.<\/p>\n\n\n\n<figure class=\"wp-block-embed aligncenter is-type-video is-provider-youtube wp-block-embed-youtube wp-embed-aspect-16-9 wp-has-aspect-ratio\"><div class=\"wp-block-embed__wrapper\">\n<iframe title=\"Nueva caldera inteligente IsoMax MiConnect\u00ae con IsoDyn3. M\u00e1ximo confort con el m\u00ednimo consumo\" width=\"500\" height=\"281\" src=\"https:\/\/www.youtube.com\/embed\/0sGlt0V27_o?feature=oembed\" frameborder=\"0\" allow=\"accelerometer; autoplay; clipboard-write; encrypted-media; gyroscope; picture-in-picture; web-share\" referrerpolicy=\"strict-origin-when-cross-origin\" allowfullscreen><\/iframe>\n<\/div><\/figure>\n\n\n\n<p class=\"has-text-align-left\">Tiene una potencia de 30kw en calefacci\u00f3n y dispone del sistema IsoDyn 3 para un mayor confort y ahorro tambien en el agua caliente. Acumulaci\u00f3n din\u00e1mica de 42 litros incorporada, optimizada con Smart Tank Loading, que ahorra al aprender de los h\u00e1bitos de consumo. <\/p>\n\n\n\n<p class=\"has-text-align-left\">Exclusivo de Saunier Duval, IsoDyn3\u00ae es un sistema de calentamiento din\u00e1mico del acumulador que al asociar las ventajas de la producci\u00f3n instant\u00e1nea de ACS con la estratificaci\u00f3n del agua caliente y el empleo de un intercambiador de placas de alta efectividad, permite una producci\u00f3n inmediata de agua caliente, as\u00ed como la recuperaci\u00f3n total del acumulador en un tiempo m\u00e1ximo de 5 minutos.<br>IsoDyn3\u00ae integra un ingenioso sistema de dos tanques de 21L de acero inoxidable con un deflector que consigue una mayor estratificaci\u00f3n del agua a distinta temperatura. <\/p>\n\n\n\n<p class=\"has-text-align-left\">Su dise\u00f1o, adem\u00e1s, realiza la funci\u00f3n de dep\u00f3sito tamp\u00f3n previniendo variaciones de temperatura en el agua acumulada garantizando, siempre, la temperatura correcta en el punto de consumo. Smart Tank Loading es la funci\u00f3n que permite al systema IsoDyn3\u00ae aprender de los h\u00e1bitos de consumo del usuario, midiendo caudales, calculando el volumen demandado, haciendo promedios semanales, adaptando el software a esos h\u00e1bitos.<\/p>\n\n\n\n<p>La caldera <a href=\"https:\/\/www.airefrio.com\/caldera-saunier-duval-isomax-condens-35-con-termostato-modulante-exacontrol-e7-r-inalambrico-incluido.html\" title=\"Isomax Condens Mi\">Isomax Condens Mi<\/a> es ideal para viviendas que dispongan de 3 o m\u00e1s ba\u00f1os.<\/p>\n\n\n\n<h2 class=\"wp-block-heading\">ISOFAST H CONDENS MI<\/h2>\n\n\n\n<p class=\"has-text-align-left\">La mejor versi\u00f3n de las IsoFast de la historia. El confort y la eficiencia se concentran m\u00e1s que nunca en la nueva IsoFast H-Condens Mi conectada. Nuevo dise\u00f1o con nuevo panel de mandos con zonas t\u00e1ctiles y gran pantalla con texto, asistente, gr\u00e1ficos, c\u00f3digos y s\u00edmbolos, de uso sencillo e intuitivo. Lectura de consumos energ\u00e9ticos en pantalla.<\/p>\n\n\n\n<p>Sistema de combusti\u00f3n FlameFit: Sistema de combusti\u00f3n autoadaptativo que supervisa continuamente la<br>calidad de la llama por ionizaci\u00f3n. De esta forma optimiza la combusti\u00f3n en funci\u00f3n del tipo y la calidad del gas. La supervisi\u00f3n de la combusti\u00f3n viene apoyada por una calibraci\u00f3n constante del electrodo de ionizaci\u00f3n as\u00ed como<br>por un funcionamiento de emergencia en caso de que haya alguna anomal\u00eda en el funcionamiento que podr\u00eda restaurarse por s\u00ed sola.<\/p>\n\n\n\n<p>Adem\u00e1s incorpora el nuevo sistema MicroFast 3.0 el cual logra una estabilidad en la temperatura del ACS para lograr un mayor confort en la ducha. Es la \u00fanica tecnolog\u00eda en el mercado que ofrece una disponibilidad inmediata y real de agua caliente, manteni\u00e9ndola constante desde el primer momento incluso en demandas simult\u00e1neas. <\/p>\n\n\n\n<p>La funci\u00f3n SmartShower consigue que el circuito de agua caliente no se enfr\u00ede cuando cierras el grifo para enjabonarte, as\u00ed podr\u00e1s ahorrar agua y gas cuando quieras enjabonarte sin miedo a esperar a que la caldera se vuelva a preparar para darte agua caliente, porque la caldera quiera mientras tanto dar servicio de calefacci\u00f3n<\/p>\n\n\n\n<p>La nueva caldera IsoFast H Condens mi adem\u00e1s incluye el nuevo sistema H-Condens. Con esta tecnolog\u00eda, Saunier Duval ofrece hasta un 10% m\u00e1s de eficiencia que en la producci\u00f3n del resto de calderas en la producci\u00f3n de agua caliente sanitaria.<\/p>\n\n\n\n<p>Esta nueva caldera dispone de una potencia en calefacci\u00f3n de 25kW. Su capacidad en ACS y ahorro hace que sea la favorita para viviendas de dos o tres ba\u00f1os.<\/p>\n\n\n\n<figure class=\"wp-block-embed aligncenter is-type-video is-provider-youtube wp-block-embed-youtube wp-embed-aspect-16-9 wp-has-aspect-ratio\"><div class=\"wp-block-embed__wrapper\">\n<iframe title=\"Tecnolog\u00eda H-Condens.  Eficiencia fuera de serie en agua caliente.\" width=\"500\" height=\"281\" src=\"https:\/\/www.youtube.com\/embed\/GgwjdT5V_W4?feature=oembed\" frameborder=\"0\" allow=\"accelerometer; autoplay; clipboard-write; encrypted-media; gyroscope; picture-in-picture; web-share\" referrerpolicy=\"strict-origin-when-cross-origin\" allowfullscreen><\/iframe>\n<\/div><\/figure>\n\n\n\n<h2 class=\"wp-block-heading\">ISOFAST CONDENS MI<\/h2>\n\n\n\n<p>A diferencia de la IsoFast H Condens Mi, esta caldera no dispone de la tecnolog\u00eda H-Condens, como su propio nombre indica. Dispone de una potencia de 30 kW en calefacci\u00f3n y una modulaci\u00f3n de 1:9.<\/p>\n\n\n\n<p>Tiene una respuesta inmediata en agua caliente gracias a Start&amp;Hot MicroFast 3.0<br>Eficiente, inteligente y fiable, con una estabilidad garantizada en la temperatura de ACS.  Innovadores sistemas (Limp Home Mode, Funci\u00f3n TCS, nueva bomba LIN Bus de alta eficiencia) evitan que alg\u00fan fallo temporal en el  funcionamiento del sistema bloquee la caldera dejando al usuario sin servicio.<\/p>\n\n\n\n<p>Tiene practicamente las mismas medidas que la H-Condens pero con menos fondo, dado que solamente mide 380mm<\/p>\n\n\n\n<figure class=\"wp-block-embed aligncenter is-type-video is-provider-youtube wp-block-embed-youtube wp-embed-aspect-16-9 wp-has-aspect-ratio\"><div class=\"wp-block-embed__wrapper\">\n<iframe title=\"FlameFit.  La soluci\u00f3n para la adaptaci\u00f3n autom\u00e1tica al gas.\" width=\"500\" height=\"281\" src=\"https:\/\/www.youtube.com\/embed\/aXahsdDmxd4?feature=oembed\" frameborder=\"0\" allow=\"accelerometer; autoplay; clipboard-write; encrypted-media; gyroscope; picture-in-picture; web-share\" referrerpolicy=\"strict-origin-when-cross-origin\" allowfullscreen><\/iframe>\n<\/div><\/figure>\n\n\n\n<h2 class=\"wp-block-heading\">THEMAFAST CONDENS MI<\/h2>\n\n\n\n<p>Existen dos modelos dentro de la gama Themafast Condens Mi, uno de 31kW y otro de 26kW. La primera ofrece 25kw en calfecci\u00f3n y un caudal en ACS de 17,8 L\/min lo que hace que sea ideal para viviendas de 1 o 2 ba\u00f1os pudiendo suministrar agua caliente en ducha y grifo a la vez. La segunda tiene una potencia de 20 kW en calefacci\u00f3n y un caudal espec\u00edfico en ACS de 14,9 L\/min. <\/p>\n\n\n\n<p>Esta caldera se caracteriza porque viene con el sistema MicroFast 3.0. Este sistema nos ofrece mayor confort y ahorro tambien en el agua caliente. Adem\u00e1s tiene m\u00e1s precisi\u00f3n gracias a la sonda a la salida de la caldera. Con la funci\u00f3n SmartShower, que permite matener el confort ahorrando en el consumo de agua y gas, mientras me enjabono. Con este sistema el tiempo de espera se reduce dr\u00e1sticamente.<\/p>\n\n\n\n<p>Tanto el modelo de 31 kW como el de 26kw vienen con el control incluido, y puede ser por cable (MiSet) o inal\u00e1mbrico (MiSet Radio). Adem\u00e1s como opcional se puede a\u00f1adir el MiGo Link con el que el usuario puede controlar, gestionar y monitorizar el sistema desde su m\u00f3vil.<\/p>\n\n\n\n<figure class=\"wp-block-image size-full\"><a ref=\"magnificPopup\" href=\"https:\/\/www.airefrio.com\/blog\/wp-content\/uploads\/2022\/02\/MicroFast-3-0-airefrio.jpg\"><img decoding=\"async\" width=\"866\" height=\"532\" src=\"https:\/\/www.airefrio.com\/blog\/wp-content\/uploads\/2022\/02\/MicroFast-3-0-airefrio.jpg\" alt=\"\" class=\"wp-image-9203\" srcset=\"https:\/\/www.airefrio.com\/blog\/wp-content\/uploads\/2022\/02\/MicroFast-3-0-airefrio.jpg 866w, https:\/\/www.airefrio.com\/blog\/wp-content\/uploads\/2022\/02\/MicroFast-3-0-airefrio-300x184.jpg 300w\" sizes=\"(max-width: 866px) 100vw, 866px\" \/><\/a><figcaption>Start&amp;Hot MicroFast 3.0<\/figcaption><\/figure>\n\n\n\n<h2 class=\"wp-block-heading\">THEMACONDENS CONDENS MI<\/h2>\n\n\n\n<p>Por \u00faltimo hablamos de la caldera insignia de Saunier Duval, el nuevo modelo Thema Condens Mi. Al igual que las ThemaFast Condens mi, las encontramos en dos potencias 31 kW y 26kW. Tiene m\u00e1s similitudes con las ThemaFast Condens mi como son los caudales de ACS y las medidas, de 740x418x344 mm (alto x ancho x profundidad).<\/p>\n\n\n\n<p>La mayor diferencia que encontramos es, como su propio nombre indica, es que las anteriores vienen previstas del sistema Start&amp;Hot MicroFast 3.0 y estas del AquaFast conocido anteriormente como Warm Start.<br>La nueva funci\u00f3n Warm Start\u00ae disminuye sensiblemente el tiempo de espera ante la demanda de ACS, contribuyendo proporcionalmente al aumento de confort. El intercambiador de placas de las calderas equipadas con este novedoso sistema est\u00e1 ligeramente sobredimensionado para aumentar la inercia t\u00e9rmica. As\u00ed, los intervalos de recalentamiento del circuito primario se hacen m\u00e1s largos y se reduce el n\u00famero de encendidos de la caldera. Consume por tanto menos energ\u00eda y agua y reduce considerablemente el nivel sonoro de la caldera as\u00ed como el desgaste de los componentes. <br>Se convierte en AquaFast ya que no s\u00f3lo permite tener el agua m\u00e1s r\u00e1pidamente sino que de una forma m\u00e1s precisa en cuanto a la temperatura requerida gracias a una sonda a la salida de agua caliente de la caldera.<\/p>\n\n\n\n<div class=\"wp-block-image\"><figure class=\"aligncenter size-full\"><a ref=\"magnificPopup\" href=\"https:\/\/www.airefrio.com\/blog\/wp-content\/uploads\/2022\/02\/Nuevos-modelos-SAUNIER-DUVAL-airefrio.jpg\"><img loading=\"lazy\" decoding=\"async\" width=\"300\" height=\"239\" src=\"https:\/\/www.airefrio.com\/blog\/wp-content\/uploads\/2022\/02\/Nuevos-modelos-SAUNIER-DUVAL-airefrio.jpg\" alt=\"\" class=\"wp-image-9205\"\/><\/a><figcaption><a href=\"https:\/\/www.airefrio.com\/caldera-saunier-duval-thema-condens-mi-31-cs-1-cf-n-es-31-con-miset-radio-precio-con-instalacion-basica-incluida-en-madrid.html\">https:\/\/www.airefrio.com\/caldera-saunier-duval-thema-condens-mi-31-cs-1-cf-n-es-31-con-miset-radio-precio-con-instalacion-basica-incluida-en-madrid.html<\/a><\/figcaption><\/figure><\/div>\n\n\n\n<p>Vienen de serie con el control, ya sea inal\u00e1mbrico o con cables, siendo opcional el MiGo Link. Sus prestaciones de conectividad aseguran que el control del sistema siempre est\u00e1 en las manos del cliente.<\/p>\n\n\n\n<p>Ofrece muchas opciones de gesti\u00f3n y monitorizaci\u00f3n dando una garant\u00eda de tranquilidad sobre el funcionamiento \u00f3ptimo del sistema. Su intuitiva interfaz facilita la navegaci\u00f3n y lectura y permite un manejo y gesti\u00f3n del sistema sin problemas. Su moderno dise\u00f1o es el reflejo de una instalaci\u00f3n innovadora y tecnol\u00f3gica y luce en cualquier pared de la vivienda. Su avanzado software y algoritmos aseguran que el sistema optimice en todo momento la energ\u00eda y el confort de la manera m\u00e1s eficiente posible.<\/p>\n\n\n\n<p>En el siguiente <a href=\"https:\/\/simulator.vaillant-group.com\/saunier-duval\/miset\/#\/setup\" title=\"enlace \">enlace <\/a>pueden ver un simulador creado por Saunier Duval para que los clientes puedan interactuar.<br><\/p>\n\n\n\n<p>Adem\u00e1s, el sistema conectado con la soluci\u00f3n MiGo Link ofrece la posibilidad de contratar un servicio de  mantenimiento en remoto, sin necesidad de ir a casa del usuario. Esto permite al Servicio T\u00e9cnico Oficial realizar revisiones, tareas de mantenimiento de la instalaci\u00f3n de una manera planificada y a tiempo, asegurando siempre la optimizaci\u00f3n del confort y de la energ\u00eda.<\/p>\n\n\n\n<p><\/p>\n\n\n\n<h2 class=\"wp-block-heading\">PLAN RENOVE CALDERAS 2022 SAUNIER DUVAL<\/h2>\n\n\n\n<p>Para finalizar informamos que actualmente Saunier Duval dispone de un plan renove, por el que por la instalaci\u00f3n de una nueva caldera inteligente Saunier Duval de la gama Mi, le devuelven al cliente hasta 200\u20ac dependiendo del modelo.<\/p>\n\n\n\n<div class=\"wp-block-image\"><figure class=\"aligncenter size-full\"><a ref=\"magnificPopup\" href=\"https:\/\/www.airefrio.com\/blog\/wp-content\/uploads\/2022\/02\/plan-renove-calderas-2022.jpg\"><img loading=\"lazy\" decoding=\"async\" width=\"1020\" height=\"467\" src=\"https:\/\/www.airefrio.com\/blog\/wp-content\/uploads\/2022\/02\/plan-renove-calderas-2022.jpg\" alt=\"\" class=\"wp-image-9207\" srcset=\"https:\/\/www.airefrio.com\/blog\/wp-content\/uploads\/2022\/02\/plan-renove-calderas-2022.jpg 1020w, https:\/\/www.airefrio.com\/blog\/wp-content\/uploads\/2022\/02\/plan-renove-calderas-2022-300x137.jpg 300w\" sizes=\"(max-width: 1020px) 100vw, 1020px\" \/><\/a><\/figure><\/div>\n\n\n\n<p>Una vez le instalemos la caldera podemos indicar al servicio t\u00e9cnico que le instalen el MiGo Link y as\u00ed poder disfrutar del servicio de mantenimiento conectado. As\u00ed con la nueva App MiSaunier podr\u00e1 disfrutar de un permanente mantenimiento y optimizaci\u00f3n del equipo adem\u00e1s de reducir su factura energ\u00e9tica.<\/p>\n\n\n\n<p>P\u00eddanos informaci\u00f3n sin compromiso a trav\u00e9s de nuestra <a href=\"https:\/\/www.airefrio.com\/contact\/\" title=\"web\">web<\/a> o por tel\u00e9fono en el 917518193.<\/p>\n","protected":false},"excerpt":{"rendered":"<p>En este post nos gustar\u00eda presentaros la gama al completo de las calderas de gas de Saunier Duval, marca destacada en soluciones de calefacci\u00f3n y ACS como ya muchos sabr\u00e9is. Saunier Duval lleva ya m\u00e1s de 100 a\u00f1os dedicados a la fabricaci\u00f3n, comenzaron el 1907 creando luminarias para alumbrado p\u00fablico, pero ya en 1922 fabric\u00f3&#8230;<\/p>\n","protected":false},"author":10,"featured_media":9200,"comment_status":"open","ping_status":"open","sticky":false,"template":"","format":"standard","meta":{"footnotes":""},"categories":[391,339,350,4],"tags":[410,366,377],"class_list":["post-8972","post","type-post","status-publish","format-standard","has-post-thumbnail","hentry","category-calderas-de-gas","category-calefaccion","category-catalogos-tarifas","category-plan-renove-aire-acondicionado","tag-calderas-de-gas","tag-plan-renove","tag-saunier-duval"],"aioseo_notices":[],"_links":{"self":[{"href":"https:\/\/www.airefrio.com\/blog\/wp-json\/wp\/v2\/posts\/8972","targetHints":{"allow":["GET"]}}],"collection":[{"href":"https:\/\/www.airefrio.com\/blog\/wp-json\/wp\/v2\/posts"}],"about":[{"href":"https:\/\/www.airefrio.com\/blog\/wp-json\/wp\/v2\/types\/post"}],"author":[{"embeddable":true,"href":"https:\/\/www.airefrio.com\/blog\/wp-json\/wp\/v2\/users\/10"}],"replies":[{"embeddable":true,"href":"https:\/\/www.airefrio.com\/blog\/wp-json\/wp\/v2\/comments?post=8972"}],"version-history":[{"count":25,"href":"https:\/\/www.airefrio.com\/blog\/wp-json\/wp\/v2\/posts\/8972\/revisions"}],"predecessor-version":[{"id":9209,"href":"https:\/\/www.airefrio.com\/blog\/wp-json\/wp\/v2\/posts\/8972\/revisions\/9209"}],"wp:featuredmedia":[{"embeddable":true,"href":"https:\/\/www.airefrio.com\/blog\/wp-json\/wp\/v2\/media\/9200"}],"wp:attachment":[{"href":"https:\/\/www.airefrio.com\/blog\/wp-json\/wp\/v2\/media?parent=8972"}],"wp:term":[{"taxonomy":"category","embeddable":true,"href":"https:\/\/www.airefrio.com\/blog\/wp-json\/wp\/v2\/categories?post=8972"},{"taxonomy":"post_tag","embeddable":true,"href":"https:\/\/www.airefrio.com\/blog\/wp-json\/wp\/v2\/tags?post=8972"}],"curies":[{"name":"wp","href":"https:\/\/api.w.org\/{rel}","templated":true}]}}